{"id":609,"date":"2026-04-03T12:02:26","date_gmt":"2026-04-03T10:02:26","guid":{"rendered":"https:\/\/gtif.fr\/?p=609"},"modified":"2026-04-03T12:02:26","modified_gmt":"2026-04-03T10:02:26","slug":"foh-et-conduite-des-trains","status":"publish","type":"post","link":"https:\/\/gtif.fr\/?p=609","title":{"rendered":"FOH et conduite des trains"},"content":{"rendered":"<p>[et_pb_section fb_built=\u00a0\u00bb1&Prime; admin_label=\u00a0\u00bbHeader\u00a0\u00bb _builder_version=\u00a0\u00bb4.22.0&Prime; _module_preset=\u00a0\u00bbdefault\u00a0\u00bb background_color=\u00a0\u00bbgcid-fc7b31e8-94d8-4560-b647-c33fa43cc805&Prime; overflow-x=\u00a0\u00bbhidden\u00a0\u00bb overflow-y=\u00a0\u00bbhidden\u00a0\u00bb custom_margin=\u00a0\u00bb30px|30px|30px|30px|true|true\u00a0\u00bb custom_padding=\u00a0\u00bb||0px|||\u00a0\u00bb border_radii=\u00a0\u00bbon|10px|10px|10px|10px\u00a0\u00bb collapsed=\u00a0\u00bbon\u00a0\u00bb global_colors_info=\u00a0\u00bb{%22gcid-fc7b31e8-94d8-4560-b647-c33fa43cc805%22:%91%22background_color%22,%22background_color%22%93}\u00a0\u00bb locked=\u00a0\u00bboff\u00a0\u00bb theme_builder_area=\u00a0\u00bbpost_content\u00a0\u00bb][et_pb_row column_structure=\u00a0\u00bb1_2,1_2&Prime; make_equal=\u00a0\u00bbon\u00a0\u00bb _builder_version=\u00a0\u00bb4.22.0&Prime; _module_preset=\u00a0\u00bbdefault\u00a0\u00bb background_enable_color=\u00a0\u00bboff\u00a0\u00bb custom_padding=\u00a0\u00bb||0px|||\u00a0\u00bb global_colors_info=\u00a0\u00bb{%22gcid-fc7b31e8-94d8-4560-b647-c33fa43cc805%22:%91%22background_color%22%93}\u00a0\u00bb theme_builder_area=\u00a0\u00bbpost_content\u00a0\u00bb][et_pb_column type=\u00a0\u00bb1_2&Prime; _builder_version=\u00a0\u00bb4.22.0&Prime; _module_preset=\u00a0\u00bbdefault\u00a0\u00bb z_index=\u00a0\u00bb10&Prime; custom_padding=\u00a0\u00bb6vw||6vw||true|false\u00a0\u00bb custom_padding_tablet=\u00a0\u00bb|30px|||true|false\u00a0\u00bb custom_padding_phone=\u00a0\u00bb|20px|||true|false\u00a0\u00bb custom_padding_last_edited=\u00a0\u00bbon|tablet\u00a0\u00bb global_colors_info=\u00a0\u00bb{}\u00a0\u00bb theme_builder_area=\u00a0\u00bbpost_content\u00a0\u00bb][et_pb_text _builder_version=\u00a0\u00bb4.22.0&Prime; _module_preset=\u00a0\u00bb14734da3-4234-4f60-a408-bdb9983f5d24&Prime; global_colors_info=\u00a0\u00bb{}\u00a0\u00bb theme_builder_area=\u00a0\u00bbpost_content\u00a0\u00bb]<\/p>\n<h4>S\u00e9curit\u00e9 ferroviaire :\u00a0<\/h4>\n<p>[\/et_pb_text][et_pb_text _builder_version=\u00a0\u00bb4.22.0&Prime; _module_preset=\u00a0\u00bb209bf36f-145b-4464-873d-16c2ac478b63&Prime; custom_margin=\u00a0\u00bb||10px||false|false\u00a0\u00bb global_colors_info=\u00a0\u00bb{}\u00a0\u00bb theme_builder_area=\u00a0\u00bbpost_content\u00a0\u00bb]<\/p>\n<h2><strong>FOCUS S<span style=\"font-size: 26px;\">UR <\/span><span style=\"background-color: #f6f6f6; font-size: 26px;\">LES FOH<\/span><\/strong><\/h2>\n<p>[\/et_pb_text][et_pb_text _builder_version=\u00a0\u00bb4.22.0&Prime; _module_preset=\u00a0\u00bb11049696-d01c-4b2a-a88a-cf974d0c74ad\u00a0\u00bb global_colors_info=\u00a0\u00bb{}\u00a0\u00bb theme_builder_area=\u00a0\u00bbpost_content\u00a0\u00bb]<\/p>\n<h4>Pourquoi int\u00e9grer pleinement les facteurs humains et organisationnels dans la formation des conducteurs de train?<\/h4>\n<p>[\/et_pb_text][\/et_pb_column][et_pb_column type=\u00a0\u00bb1_2&Prime; _builder_version=\u00a0\u00bb4.22.0&Prime; _module_preset=\u00a0\u00bbdefault\u00a0\u00bb global_colors_info=\u00a0\u00bb{}\u00a0\u00bb theme_builder_area=\u00a0\u00bbpost_content\u00a0\u00bb][et_pb_image src=\u00a0\u00bbhttp:\/\/gtif.fr\/wp-content\/uploads\/2026\/03\/conducteur-de-train-dans-sa-cabine-photographie-de-dos-en-train-de-conduire.jpg\u00a0\u00bb title_text=\u00a0\u00bbconducteur de train dans sa cabine photographi\u00e9 de dos en train de conduire\u00a0\u00bb show_bottom_space=\u00a0\u00bboff\u00a0\u00bb _builder_version=\u00a0\u00bb4.27.6&Prime; _module_preset=\u00a0\u00bbdefault\u00a0\u00bb custom_margin=\u00a0\u00bb|-10vw|||false|false\u00a0\u00bb custom_margin_tablet=\u00a0\u00bb|0vw|||false|false\u00a0\u00bb custom_margin_phone=\u00a0\u00bb|0vw|||false|false\u00a0\u00bb custom_margin_last_edited=\u00a0\u00bbon|tablet\u00a0\u00bb global_colors_info=\u00a0\u00bb{}\u00a0\u00bb theme_builder_area=\u00a0\u00bbpost_content\u00a0\u00bb][\/et_pb_image][et_pb_image src=\u00a0\u00bbhttp:\/\/gtif.fr\/wp-content\/uploads\/2023\/10\/career-coach-3.png\u00a0\u00bb title_text=\u00a0\u00bbcareer-coach-3&Prime; _builder_version=\u00a0\u00bb4.22.0&Prime; _module_preset=\u00a0\u00bbdefault\u00a0\u00bb positioning=\u00a0\u00bbabsolute\u00a0\u00bb position_origin_a=\u00a0\u00bbbottom_left\u00a0\u00bb position_origin_a_tablet=\u00a0\u00bbbottom_left\u00a0\u00bb position_origin_a_phone=\u00a0\u00bbbottom_left\u00a0\u00bb position_origin_a_last_edited=\u00a0\u00bboff|tablet\u00a0\u00bb position_origin_f_last_edited=\u00a0\u00bboff|tablet\u00a0\u00bb position_origin_r_last_edited=\u00a0\u00bboff|tablet\u00a0\u00bb custom_margin=\u00a0\u00bb|||-10vw|false|false\u00a0\u00bb positioning_phone=\u00a0\u00bbnone\u00a0\u00bb positioning_last_edited=\u00a0\u00bboff|tablet\u00a0\u00bb global_colors_info=\u00a0\u00bb{}\u00a0\u00bb theme_builder_area=\u00a0\u00bbpost_content\u00a0\u00bb][\/et_pb_image][\/et_pb_column][\/et_pb_row][\/et_pb_section][et_pb_section fb_built=\u00a0\u00bb1&Prime; specialty=\u00a0\u00bbon\u00a0\u00bb admin_label=\u00a0\u00bbFeature\u00a0\u00bb _builder_version=\u00a0\u00bb4.22.0&Prime; _module_preset=\u00a0\u00bbdefault\u00a0\u00bb collapsed=\u00a0\u00bbon\u00a0\u00bb global_colors_info=\u00a0\u00bb{}\u00a0\u00bb locked=\u00a0\u00bboff\u00a0\u00bb theme_builder_area=\u00a0\u00bbpost_content\u00a0\u00bb][et_pb_column type=\u00a0\u00bb1_2&Prime; _builder_version=\u00a0\u00bb4.16&Prime; _module_preset=\u00a0\u00bbdefault\u00a0\u00bb custom_padding=\u00a0\u00bb|||\u00a0\u00bb global_colors_info=\u00a0\u00bb{}\u00a0\u00bb custom_padding__hover=\u00a0\u00bb|||\u00a0\u00bb theme_builder_area=\u00a0\u00bbpost_content\u00a0\u00bb][et_pb_image src=\u00a0\u00bbhttp:\/\/gtif.fr\/wp-content\/uploads\/2023\/10\/AdobeStock_81148616-scaled.jpeg\u00a0\u00bb title_text=\u00a0\u00bbOrange sunset in low clouds over railroad\u00a0\u00bb _builder_version=\u00a0\u00bb4.27.6&Prime; _module_preset=\u00a0\u00bbdefault\u00a0\u00bb custom_margin=\u00a0\u00bb|||-20vw|false|false\u00a0\u00bb border_radii=\u00a0\u00bbon|10px|10px|10px|10px\u00a0\u00bb locked=\u00a0\u00bboff\u00a0\u00bb global_colors_info=\u00a0\u00bb{}\u00a0\u00bb theme_builder_area=\u00a0\u00bbpost_content\u00a0\u00bb][\/et_pb_image][et_pb_image src=\u00a0\u00bbhttp:\/\/gtif.fr\/wp-content\/uploads\/2023\/10\/career-coach-4.png\u00a0\u00bb title_text=\u00a0\u00bbcareer-coach-4&Prime; _builder_version=\u00a0\u00bb4.22.0&Prime; _module_preset=\u00a0\u00bbdefault\u00a0\u00bb positioning=\u00a0\u00bbabsolute\u00a0\u00bb position_origin_a=\u00a0\u00bbcenter_left\u00a0\u00bb custom_margin=\u00a0\u00bb|||-20vw|false|false\u00a0\u00bb locked=\u00a0\u00bboff\u00a0\u00bb global_colors_info=\u00a0\u00bb{}\u00a0\u00bb theme_builder_area=\u00a0\u00bbpost_content\u00a0\u00bb][\/et_pb_image][et_pb_heading title=\u00a0\u00bbAu-del\u00e0 de la technique : une vision globale de la s\u00e9curit\u00e9\u00a0\u00bb _builder_version=\u00a0\u00bb4.27.6&Prime; _module_preset=\u00a0\u00bbdefault\u00a0\u00bb global_colors_info=\u00a0\u00bb{}\u00a0\u00bb theme_builder_area=\u00a0\u00bbpost_content\u00a0\u00bb][\/et_pb_heading][et_pb_text _builder_version=\u00a0\u00bb4.27.6&Prime; _module_preset=\u00a0\u00bbdefault\u00a0\u00bb global_colors_info=\u00a0\u00bb{}\u00a0\u00bb theme_builder_area=\u00a0\u00bbpost_content\u00a0\u00bb]<\/p>\n<p class=\"isSelectedEnd\"><span>Les incidents ferroviaires trouvent rarement leur origine dans une seule d\u00e9faillance technique. Ils r\u00e9sultent souvent d\u2019une combinaison de facteurs : pression organisationnelle, communication imparfaite, gestion du stress, fatigue ou encore prise de d\u00e9cision en situation d\u00e9grad\u00e9e. C\u2019est pr\u00e9cis\u00e9ment sur ces dimensions que les comp\u00e9tences non techniques apportent une valeur d\u00e9cisive.<\/span><\/p>\n<p class=\"isSelectedEnd\"><span>Former les conducteurs \u00e0 ces comp\u00e9tences, c\u2019est leur permettre de mieux :<\/span><\/p>\n<ul data-spread=\"false\">\n<li><span>analyser une situation complexe,<\/span><\/li>\n<li><span>anticiper les risques,<\/span><\/li>\n<li><span>communiquer efficacement avec les \u00e9quipes,<\/span><\/li>\n<li><span>g\u00e9rer leur charge cognitive et \u00e9motionnelle,<\/span><\/li>\n<li><span>prendre des d\u00e9cisions s\u00fbres sous contrainte.<\/span><\/li>\n<\/ul>\n<p><span>Ces aptitudes, longtemps consid\u00e9r\u00e9es comme secondaires, s\u2019imposent d\u00e9sormais comme des piliers de la s\u00e9curit\u00e9 op\u00e9rationnelle.<\/span><\/p>\n<p>[\/et_pb_text][\/et_pb_column][et_pb_column type=\u00a0\u00bb1_2&Prime; specialty_columns=\u00a0\u00bb2&Prime; _builder_version=\u00a0\u00bb4.16&Prime; _module_preset=\u00a0\u00bbdefault\u00a0\u00bb custom_padding=\u00a0\u00bb|||\u00a0\u00bb global_colors_info=\u00a0\u00bb{}\u00a0\u00bb custom_padding__hover=\u00a0\u00bb|||\u00a0\u00bb theme_builder_area=\u00a0\u00bbpost_content\u00a0\u00bb][et_pb_row_inner _builder_version=\u00a0\u00bb4.22.0&Prime; _module_preset=\u00a0\u00bbdefault\u00a0\u00bb global_colors_info=\u00a0\u00bb{}\u00a0\u00bb theme_builder_area=\u00a0\u00bbpost_content\u00a0\u00bb][et_pb_column_inner saved_specialty_column_type=\u00a0\u00bb1_2&Prime; _builder_version=\u00a0\u00bb4.22.0&Prime; _module_preset=\u00a0\u00bbdefault\u00a0\u00bb global_colors_info=\u00a0\u00bb{}\u00a0\u00bb theme_builder_area=\u00a0\u00bbpost_content\u00a0\u00bb][et_pb_text _builder_version=\u00a0\u00bb4.22.0&Prime; _module_preset=\u00a0\u00bb11049696-d01c-4b2a-a88a-cf974d0c74ad\u00a0\u00bb global_colors_info=\u00a0\u00bb{}\u00a0\u00bb theme_builder_area=\u00a0\u00bbpost_content\u00a0\u00bb]<\/p>\n<p>Dans un contexte ferroviaire en constante \u00e9volution, o\u00f9 la performance op\u00e9rationnelle doit s\u2019aligner avec des exigences de s\u00e9curit\u00e9 toujours plus \u00e9lev\u00e9es, les entreprises du secteur font face \u00e0 un enjeu strat\u00e9gique majeur : renforcer durablement leur culture de s\u00e9curit\u00e9. Si les comp\u00e9tences techniques des conducteurs de train restent indispensables, elles ne suffisent plus \u00e0 elles seules. L\u2019int\u00e9gration des facteurs organisationnels et humains (FOH) dans les formations devient aujourd\u2019hui un levier diff\u00e9renciant pour les d\u00e9cideurs soucieux d\u2019anticiper les risques et d\u2019optimiser la fiabilit\u00e9 de leur syst\u00e8me.<\/p>\n<p>[\/et_pb_text][\/et_pb_column_inner][\/et_pb_row_inner][et_pb_row_inner column_structure=\u00a0\u00bb1_2,1_2&Prime; use_custom_gutter=\u00a0\u00bbon\u00a0\u00bb gutter_width=\u00a0\u00bb2&Prime; _builder_version=\u00a0\u00bb4.22.0&Prime; _module_preset=\u00a0\u00bbdefault\u00a0\u00bb global_colors_info=\u00a0\u00bb{}\u00a0\u00bb theme_builder_area=\u00a0\u00bbpost_content\u00a0\u00bb][et_pb_column_inner type=\u00a0\u00bb1_2&Prime; saved_specialty_column_type=\u00a0\u00bb1_2&Prime; _builder_version=\u00a0\u00bb4.22.0&Prime; _module_preset=\u00a0\u00bbdefault\u00a0\u00bb global_colors_info=\u00a0\u00bb{}\u00a0\u00bb theme_builder_area=\u00a0\u00bbpost_content\u00a0\u00bb][et_pb_image src=\u00a0\u00bbhttp:\/\/gtif.fr\/wp-content\/uploads\/2026\/03\/voie-ferree-tordue.jpg\u00a0\u00bb title_text=\u00a0\u00bbvoie ferree tordue\u00a0\u00bb _builder_version=\u00a0\u00bb4.27.6&Prime; _module_preset=\u00a0\u00bbdefault\u00a0\u00bb border_radii=\u00a0\u00bbon|10px|10px|10px|10px\u00a0\u00bb locked=\u00a0\u00bboff\u00a0\u00bb global_colors_info=\u00a0\u00bb{}\u00a0\u00bb theme_builder_area=\u00a0\u00bbpost_content\u00a0\u00bb][\/et_pb_image][\/et_pb_column_inner][et_pb_column_inner type=\u00a0\u00bb1_2&Prime; saved_specialty_column_type=\u00a0\u00bb1_2&Prime; _builder_version=\u00a0\u00bb4.22.0&Prime; _module_preset=\u00a0\u00bbdefault\u00a0\u00bb global_colors_info=\u00a0\u00bb{}\u00a0\u00bb theme_builder_area=\u00a0\u00bbpost_content\u00a0\u00bb][et_pb_image src=\u00a0\u00bbhttp:\/\/gtif.fr\/wp-content\/uploads\/2023\/10\/AdobeStock_625228159-1-scaled.jpeg\u00a0\u00bb title_text=\u00a0\u00bbcareer-coach-4&Prime; _builder_version=\u00a0\u00bb4.27.6&Prime; _module_preset=\u00a0\u00bbdefault\u00a0\u00bb border_radii=\u00a0\u00bbon|10px|10px|10px|10px\u00a0\u00bb locked=\u00a0\u00bboff\u00a0\u00bb global_colors_info=\u00a0\u00bb{}\u00a0\u00bb theme_builder_area=\u00a0\u00bbpost_content\u00a0\u00bb][\/et_pb_image][\/et_pb_column_inner][\/et_pb_row_inner][\/et_pb_column][\/et_pb_section][et_pb_section fb_built=\u00a0\u00bb1&Prime; _builder_version=\u00a0\u00bb4.27.6&Prime; _module_preset=\u00a0\u00bbdefault\u00a0\u00bb global_colors_info=\u00a0\u00bb{}\u00a0\u00bb locked=\u00a0\u00bboff\u00a0\u00bb theme_builder_area=\u00a0\u00bbpost_content\u00a0\u00bb][et_pb_row column_structure=\u00a0\u00bb1_3,1_3,1_3&Prime; _builder_version=\u00a0\u00bb4.27.6&Prime; _module_preset=\u00a0\u00bbdefault\u00a0\u00bb global_colors_info=\u00a0\u00bb{}\u00a0\u00bb theme_builder_area=\u00a0\u00bbpost_content\u00a0\u00bb][et_pb_column type=\u00a0\u00bb1_3&Prime; _builder_version=\u00a0\u00bb4.27.6&Prime; _module_preset=\u00a0\u00bbdefault\u00a0\u00bb global_colors_info=\u00a0\u00bb{}\u00a0\u00bb theme_builder_area=\u00a0\u00bbpost_content\u00a0\u00bb][et_pb_heading title=\u00a0\u00bbLes comp\u00e9tences non techniques: un investissement strat\u00e9gique\u00a0\u00bb _builder_version=\u00a0\u00bb4.27.6&Prime; _module_preset=\u00a0\u00bbdefault\u00a0\u00bb global_colors_info=\u00a0\u00bb{}\u00a0\u00bb theme_builder_area=\u00a0\u00bbpost_content\u00a0\u00bb][\/et_pb_heading][et_pb_text _builder_version=\u00a0\u00bb4.27.6&Prime; _module_preset=\u00a0\u00bbdefault\u00a0\u00bb global_colors_info=\u00a0\u00bb{}\u00a0\u00bb theme_builder_area=\u00a0\u00bbpost_content\u00a0\u00bb]<\/p>\n<p class=\"isSelectedEnd\"><span>Pour les dirigeants et responsables s\u00e9curit\u00e9, int\u00e9grer les FOH dans les parcours de formation n\u2019est pas simplement une \u00e9volution p\u00e9dagogique : c\u2019est un choix strat\u00e9gique. Les b\u00e9n\u00e9fices sont concrets :<\/span><\/p>\n<ul data-spread=\"false\">\n<li><strong><span>R\u00e9duction des incidents et des situations \u00e0 risque<\/span><\/strong><span> gr\u00e2ce \u00e0 une meilleure anticipation humaine<\/span><\/li>\n<li><strong><span>Am\u00e9lioration de la r\u00e9silience organisationnelle<\/span><\/strong><span> face aux impr\u00e9vus<\/span><\/li>\n<li><strong><span>Renforcement de la coh\u00e9sion des \u00e9quipes<\/span><\/strong><span> et de la communication interservices<\/span><\/li>\n<li><strong><span>Valorisation des m\u00e9tiers de conduite<\/span><\/strong><span>, en reconnaissant leur complexit\u00e9 r\u00e9elle<\/span><\/li>\n<\/ul>\n<p><span>Dans un environnement concurrentiel, proposer des formations int\u00e9grant ces dimensions constitue \u00e9galement un avantage diff\u00e9renciant fort, tant en mati\u00e8re d\u2019image que de performance.<\/span><\/p>\n<p>[\/et_pb_text][\/et_pb_column][et_pb_column type=\u00a0\u00bb1_3&Prime; _builder_version=\u00a0\u00bb4.27.6&Prime; _module_preset=\u00a0\u00bbdefault\u00a0\u00bb global_colors_info=\u00a0\u00bb{}\u00a0\u00bb theme_builder_area=\u00a0\u00bbpost_content\u00a0\u00bb][et_pb_heading title=\u00a0\u00bbUne d\u00e9marche qui doit \u00eatre impuls\u00e9e au plus haut niveau\u00a0\u00bb _builder_version=\u00a0\u00bb4.27.6&Prime; _module_preset=\u00a0\u00bbdefault\u00a0\u00bb global_colors_info=\u00a0\u00bb{}\u00a0\u00bb theme_builder_area=\u00a0\u00bbpost_content\u00a0\u00bb][\/et_pb_heading][et_pb_text _builder_version=\u00a0\u00bb4.27.6&Prime; _module_preset=\u00a0\u00bbdefault\u00a0\u00bb global_colors_info=\u00a0\u00bb{}\u00a0\u00bb theme_builder_area=\u00a0\u00bbpost_content\u00a0\u00bb]<\/p>\n<p class=\"isSelectedEnd\"><span>Cependant, l\u2019efficacit\u00e9 de ces formations repose sur une condition essentielle : leur inscription dans une d\u00e9marche globale d\u2019entreprise. Les comp\u00e9tences non techniques ne peuvent produire leurs effets que si elles sont soutenues par une culture organisationnelle coh\u00e9rente.<\/span><\/p>\n<p class=\"isSelectedEnd\"><span>Cela implique :<\/span><\/p>\n<ul data-spread=\"false\">\n<li><span>un engagement clair de la direction,<\/span><\/li>\n<li><span>une int\u00e9gration des FOH dans les politiques s\u00e9curit\u00e9,<\/span><\/li>\n<li><span>une coh\u00e9rence entre les formations, les pratiques manag\u00e9riales et les objectifs op\u00e9rationnels,<\/span><\/li>\n<li><span>une implication de l\u2019ensemble des acteurs, du terrain jusqu\u2019aux instances dirigeantes.<\/span><\/li>\n<\/ul>\n<p><span>Sans cette approche syst\u00e9mique, les formations risquent de rester isol\u00e9es et de ne pas g\u00e9n\u00e9rer d\u2019impact durable.<\/span><\/p>\n<p>[\/et_pb_text][\/et_pb_column][et_pb_column type=\u00a0\u00bb1_3&Prime; _builder_version=\u00a0\u00bb4.27.6&Prime; _module_preset=\u00a0\u00bbdefault\u00a0\u00bb global_colors_info=\u00a0\u00bb{}\u00a0\u00bb theme_builder_area=\u00a0\u00bbpost_content\u00a0\u00bb][et_pb_heading title=\u00a0\u00bbVers une culture de s\u00e9curit\u00e9 partag\u00e9e\u00a0\u00bb _builder_version=\u00a0\u00bb4.27.6&Prime; _module_preset=\u00a0\u00bbdefault\u00a0\u00bb global_colors_info=\u00a0\u00bb{}\u00a0\u00bb theme_builder_area=\u00a0\u00bbpost_content\u00a0\u00bb][\/et_pb_heading][et_pb_text _builder_version=\u00a0\u00bb4.27.6&Prime; _module_preset=\u00a0\u00bbdefault\u00a0\u00bb global_colors_info=\u00a0\u00bb{}\u00a0\u00bb theme_builder_area=\u00a0\u00bbpost_content\u00a0\u00bb]<\/p>\n<p class=\"isSelectedEnd\"><span>D\u00e9velopper une culture de s\u00e9curit\u00e9 solide ne se d\u00e9cr\u00e8te pas : elle se construit dans le temps, \u00e0 travers des actions concr\u00e8tes et coh\u00e9rentes. Les formations aux facteurs humains et organisationnels jouent ici un r\u00f4le cl\u00e9, en cr\u00e9ant un langage commun et des r\u00e9flexes partag\u00e9s au sein des \u00e9quipes.<\/span><\/p>\n<p class=\"isSelectedEnd\"><span>Elles favorisent :<\/span><\/p>\n<ul data-spread=\"false\">\n<li><span>une meilleure remont\u00e9e des signaux faibles,<\/span><\/li>\n<li><span>une approche non punitive de l\u2019erreur,<\/span><\/li>\n<li><span>une responsabilisation accrue de chacun,<\/span><\/li>\n<li><span>une vigilance collective renforc\u00e9e.<\/span><\/li>\n<\/ul>\n<p><span>En int\u00e9grant ces dimensions dans les parcours de formation des conducteurs, les entreprises ferroviaires posent les bases d\u2019un syst\u00e8me plus s\u00fbr, plus robuste et plus performant.<\/span><\/p>\n<p>[\/et_pb_text][\/et_pb_column][\/et_pb_row][et_pb_row _builder_version=\u00a0\u00bb4.27.6&Prime; _module_preset=\u00a0\u00bbdefault\u00a0\u00bb global_colors_info=\u00a0\u00bb{}\u00a0\u00bb theme_builder_area=\u00a0\u00bbpost_content\u00a0\u00bb][et_pb_column type=\u00a0\u00bb4_4&Prime; _builder_version=\u00a0\u00bb4.27.6&Prime; _module_preset=\u00a0\u00bbdefault\u00a0\u00bb global_colors_info=\u00a0\u00bb{}\u00a0\u00bb theme_builder_area=\u00a0\u00bbpost_content\u00a0\u00bb][et_pb_image src=\u00a0\u00bbhttp:\/\/gtif.fr\/wp-content\/uploads\/2023\/10\/AdobeStock_499042809-scaled.jpeg\u00a0\u00bb _builder_version=\u00a0\u00bb4.27.6&Prime; _module_preset=\u00a0\u00bbdefault\u00a0\u00bb global_colors_info=\u00a0\u00bb{}\u00a0\u00bb theme_builder_area=\u00a0\u00bbpost_content\u00a0\u00bb][\/et_pb_image][\/et_pb_column][\/et_pb_row][et_pb_row _builder_version=\u00a0\u00bb4.27.6&Prime; _module_preset=\u00a0\u00bbdefault\u00a0\u00bb global_colors_info=\u00a0\u00bb{}\u00a0\u00bb theme_builder_area=\u00a0\u00bbpost_content\u00a0\u00bb][et_pb_column type=\u00a0\u00bb4_4&Prime; _builder_version=\u00a0\u00bb4.27.6&Prime; _module_preset=\u00a0\u00bbdefault\u00a0\u00bb global_colors_info=\u00a0\u00bb{}\u00a0\u00bb theme_builder_area=\u00a0\u00bbpost_content\u00a0\u00bb][et_pb_heading title=\u00a0\u00bbConclusion : transformer la formation pour transformer la s\u00e9curit\u00e9\u00a0\u00bb _builder_version=\u00a0\u00bb4.27.6&Prime; _module_preset=\u00a0\u00bbdefault\u00a0\u00bb global_colors_info=\u00a0\u00bb{}\u00a0\u00bb theme_builder_area=\u00a0\u00bbpost_content\u00a0\u00bb][\/et_pb_heading][\/et_pb_column][\/et_pb_row][et_pb_row _builder_version=\u00a0\u00bb4.27.6&Prime; _module_preset=\u00a0\u00bbdefault\u00a0\u00bb global_colors_info=\u00a0\u00bb{}\u00a0\u00bb theme_builder_area=\u00a0\u00bbpost_content\u00a0\u00bb][et_pb_column type=\u00a0\u00bb4_4&Prime; _builder_version=\u00a0\u00bb4.27.6&Prime; _module_preset=\u00a0\u00bbdefault\u00a0\u00bb global_colors_info=\u00a0\u00bb{}\u00a0\u00bb theme_builder_area=\u00a0\u00bbpost_content\u00a0\u00bb][et_pb_text _builder_version=\u00a0\u00bb4.27.6&Prime; _module_preset=\u00a0\u00bbdefault\u00a0\u00bb global_colors_info=\u00a0\u00bb{}\u00a0\u00bb theme_builder_area=\u00a0\u00bbpost_content\u00a0\u00bb]<\/p>\n<p class=\"isSelectedEnd\"><span>Aujourd\u2019hui, les d\u00e9cideurs du secteur ferroviaire ont une opportunit\u00e9 claire : faire \u00e9voluer leurs dispositifs de formation pour r\u00e9pondre aux enjeux modernes de s\u00e9curit\u00e9. L\u2019int\u00e9gration des facteurs humains et organisationnels n\u2019est plus une option, mais une n\u00e9cessit\u00e9.<\/span><\/p>\n<p class=\"isSelectedEnd\"><span>En adoptant une approche globale, port\u00e9e par la direction et partag\u00e9e \u00e0 tous les niveaux de l\u2019entreprise, les organisations peuvent non seulement r\u00e9duire les risques, mais aussi renforcer leur performance durable.<\/span><\/p>\n<p><span>La s\u00e9curit\u00e9 ferroviaire de demain se construit d\u00e8s aujourd\u2019hui \u2014 et elle commence par une formation qui place l\u2019humain au c\u0153ur du syst\u00e8me.<\/span><\/p>\n<p>[\/et_pb_text][\/et_pb_column][\/et_pb_row][\/et_pb_section]<\/p>\n","protected":false},"excerpt":{"rendered":"<p>S\u00e9curit\u00e9 ferroviaire :\u00a0FOCUS SUR LES FOHPourquoi int\u00e9grer pleinement les facteurs humains et organisationnels dans la formation des conducteurs de train?Les incidents ferroviaires trouvent rarement leur origine dans une seule d\u00e9faillance technique. Ils r\u00e9sultent souvent d\u2019une combinaison de facteurs : pression organisationnelle, communication imparfaite, gestion du stress, fatigue ou encore prise de d\u00e9cision en situation d\u00e9grad\u00e9e. [&hellip;]<\/p>\n","protected":false},"author":1,"featured_media":0,"comment_status":"closed","ping_status":"closed","sticky":false,"template":"","format":"standard","meta":{"_et_pb_use_builder":"on","_et_pb_old_content":"","_et_gb_content_width":"","om_disable_all_campaigns":false,"_monsterinsights_skip_tracking":false,"_monsterinsights_sitenote_active":false,"_monsterinsights_sitenote_note":"","_monsterinsights_sitenote_category":0,"_uf_show_specific_survey":0,"_uf_disable_surveys":false,"footnotes":""},"categories":[1],"tags":[],"class_list":["post-609","post","type-post","status-publish","format-standard","hentry","category-non-classe"],"aioseo_notices":[],"_links":{"self":[{"href":"https:\/\/gtif.fr\/index.php?rest_route=\/wp\/v2\/posts\/609","targetHints":{"allow":["GET"]}}],"collection":[{"href":"https:\/\/gtif.fr\/index.php?rest_route=\/wp\/v2\/posts"}],"about":[{"href":"https:\/\/gtif.fr\/index.php?rest_route=\/wp\/v2\/types\/post"}],"author":[{"embeddable":true,"href":"https:\/\/gtif.fr\/index.php?rest_route=\/wp\/v2\/users\/1"}],"replies":[{"embeddable":true,"href":"https:\/\/gtif.fr\/index.php?rest_route=%2Fwp%2Fv2%2Fcomments&post=609"}],"version-history":[{"count":2,"href":"https:\/\/gtif.fr\/index.php?rest_route=\/wp\/v2\/posts\/609\/revisions"}],"predecessor-version":[{"id":612,"href":"https:\/\/gtif.fr\/index.php?rest_route=\/wp\/v2\/posts\/609\/revisions\/612"}],"wp:attachment":[{"href":"https:\/\/gtif.fr\/index.php?rest_route=%2Fwp%2Fv2%2Fmedia&parent=609"}],"wp:term":[{"taxonomy":"category","embeddable":true,"href":"https:\/\/gtif.fr\/index.php?rest_route=%2Fwp%2Fv2%2Fcategories&post=609"},{"taxonomy":"post_tag","embeddable":true,"href":"https:\/\/gtif.fr\/index.php?rest_route=%2Fwp%2Fv2%2Ftags&post=609"}],"curies":[{"name":"wp","href":"https:\/\/api.w.org\/{rel}","templated":true}]}}